{"id":1362,"date":"2020-10-18T08:00:57","date_gmt":"2020-10-18T08:00:57","guid":{"rendered":"http:\/\/almeria2030.sytes.net\/?p=1362"},"modified":"2020-10-19T10:38:43","modified_gmt":"2020-10-19T10:38:43","slug":"visita-de-la-delegacion-mexicana-de-los-cabos-al-plan-estrategico","status":"publish","type":"post","link":"https:\/\/almeria2030.es\/en\/visita-de-la-delegacion-mexicana-de-los-cabos-al-plan-estrategico\/","title":{"rendered":"VISITA DE LA DELEGACI\u00d3N MEXICANA DE LOS CABOS AL PLAN ESTRAT\u00c9GICO."},"content":{"rendered":"<p>Dentro de la visita que la delegaci\u00f3n de la ciudad mexicana de Los Cabos ha realizado en la capital, en el d\u00eda de ayer mantuvimos una reuni\u00f3n en la oficina donde la gerente del Plan Estrat\u00e9gico de Almer\u00eda, Mar\u00eda del Mar Plaza, les explic\u00f3 el trabajo que se viene realizando con los expertos de los diferentes vectores del Plan, las fases que lo componen, y los retos de futuro a los que nos enfrentamos<\/p>\n","protected":false},"excerpt":{"rendered":"<p>Dentro de la visita que la delegaci\u00f3n de la ciudad mexicana de Los Cabos ha realizado en la capital, en el d\u00eda de ayer mantuvimos una reuni\u00f3n en la oficina donde la gerente del Plan Estrat\u00e9gico de Almer\u00eda, Mar\u00eda del Mar Plaza, les explic\u00f3 el trabajo que se viene realizando con los expertos de los [&#8230;]<\/p>\n<p><a class=\"btn btn-secondary stk-read-more-link\" href=\"https:\/\/almeria2030.es\/en\/visita-de-la-delegacion-mexicana-de-los-cabos-al-plan-estrategico\/\">Read More&#8230;<\/a><\/p>\n","protected":false},"author":1,"featured_media":1356,"comment_status":"open","ping_status":"open","sticky":false,"template":"","format":"standard","meta":{"footnotes":""},"categories":[8],"tags":[],"yoast_head":"<!-- This site is optimized with the Yoast SEO plugin v21.4 - https:\/\/yoast.com\/wordpress\/plugins\/seo\/ -->\n<title>VISITA DE LA DELEGACI\u00d3N MEXICANA DE LOS CABOS AL PLAN ESTRAT\u00c9GICO. - Almer\u00eda 2030<\/title>\n<meta name=\"robots\" content=\"index, follow, max-snippet:-1, max-image-preview:large, max-video-preview:-1\" \/>\n<link rel=\"canonical\" href=\"https:\/\/almeria2030.es\/en\/visita-de-la-delegacion-mexicana-de-los-cabos-al-plan-estrategico\/\" \/>\n<meta property=\"og:locale\" content=\"en_US\" \/>\n<meta property=\"og:type\" content=\"article\" \/>\n<meta property=\"og:title\" content=\"VISITA DE LA DELEGACI\u00d3N MEXICANA DE LOS CABOS AL PLAN ESTRAT\u00c9GICO. - Almer\u00eda 2030\" \/>\n<meta property=\"og:description\" content=\"Dentro de la visita que la delegaci\u00f3n de la ciudad mexicana de Los Cabos ha realizado en la capital, en el d\u00eda de ayer mantuvimos una reuni\u00f3n en la oficina donde la gerente del Plan Estrat\u00e9gico de Almer\u00eda, Mar\u00eda del Mar Plaza, les explic\u00f3 el trabajo que se viene realizando con los expertos de los [...]Read More...\" \/>\n<meta property=\"og:url\" content=\"https:\/\/almeria2030.es\/en\/visita-de-la-delegacion-mexicana-de-los-cabos-al-plan-estrategico\/\" \/>\n<meta property=\"og:site_name\" content=\"Almer\u00eda 2030\" \/>\n<meta property=\"article:published_time\" content=\"2020-10-18T08:00:57+00:00\" \/>\n<meta property=\"article:modified_time\" content=\"2020-10-19T10:38:43+00:00\" \/>\n<meta property=\"og:image\" content=\"https:\/\/almeria2030.es\/wp-content\/uploads\/2020\/10\/VISITA-DE-LA-DELEGACIO\u0301N-MEXICANA-DE-LOS-CABOS-AL-PLAN-ESTRATE\u0301GICO.jpg\" \/>\n\t<meta property=\"og:image:width\" content=\"500\" \/>\n\t<meta property=\"og:image:height\" content=\"500\" \/>\n\t<meta property=\"og:image:type\" content=\"image\/jpeg\" \/>\n<meta name=\"author\" content=\"suratica\" \/>\n<meta name=\"twitter:card\" content=\"summary_large_image\" \/>\n<meta name=\"twitter:label1\" content=\"Written by\" \/>\n\t<meta name=\"twitter:data1\" content=\"suratica\" \/>\n<script type=\"application\/ld+json\" class=\"yoast-schema-graph\">{\"@context\":\"https:\/\/schema.org\",\"@graph\":[{\"@type\":\"Article\",\"@id\":\"https:\/\/almeria2030.es\/en\/visita-de-la-delegacion-mexicana-de-los-cabos-al-plan-estrategico\/#article\",\"isPartOf\":{\"@id\":\"https:\/\/almeria2030.es\/en\/visita-de-la-delegacion-mexicana-de-los-cabos-al-plan-estrategico\/\"},\"author\":{\"name\":\"suratica\",\"@id\":\"https:\/\/almeria2030.es\/#\/schema\/person\/233692ed79768b540761ceb3d4eae412\"},\"headline\":\"VISITA DE LA DELEGACI\u00d3N MEXICANA DE LOS CABOS AL PLAN ESTRAT\u00c9GICO.\",\"datePublished\":\"2020-10-18T08:00:57+00:00\",\"dateModified\":\"2020-10-19T10:38:43+00:00\",\"mainEntityOfPage\":{\"@id\":\"https:\/\/almeria2030.es\/en\/visita-de-la-delegacion-mexicana-de-los-cabos-al-plan-estrategico\/\"},\"wordCount\":93,\"commentCount\":0,\"publisher\":{\"@id\":\"https:\/\/almeria2030.es\/#organization\"},\"inLanguage\":\"en-US\",\"potentialAction\":[{\"@type\":\"CommentAction\",\"name\":\"Comment\",\"target\":[\"https:\/\/almeria2030.es\/en\/visita-de-la-delegacion-mexicana-de-los-cabos-al-plan-estrategico\/#respond\"]}]},{\"@type\":\"WebPage\",\"@id\":\"https:\/\/almeria2030.es\/en\/visita-de-la-delegacion-mexicana-de-los-cabos-al-plan-estrategico\/\",\"url\":\"https:\/\/almeria2030.es\/en\/visita-de-la-delegacion-mexicana-de-los-cabos-al-plan-estrategico\/\",\"name\":\"VISITA DE LA DELEGACI\u00d3N MEXICANA DE LOS CABOS AL PLAN ESTRAT\u00c9GICO. - Almer\u00eda 2030\",\"isPartOf\":{\"@id\":\"https:\/\/almeria2030.es\/#website\"},\"datePublished\":\"2020-10-18T08:00:57+00:00\",\"dateModified\":\"2020-10-19T10:38:43+00:00\",\"breadcrumb\":{\"@id\":\"https:\/\/almeria2030.es\/en\/visita-de-la-delegacion-mexicana-de-los-cabos-al-plan-estrategico\/#breadcrumb\"},\"inLanguage\":\"en-US\",\"potentialAction\":[{\"@type\":\"ReadAction\",\"target\":[\"https:\/\/almeria2030.es\/en\/visita-de-la-delegacion-mexicana-de-los-cabos-al-plan-estrategico\/\"]}]},{\"@type\":\"BreadcrumbList\",\"@id\":\"https:\/\/almeria2030.es\/en\/visita-de-la-delegacion-mexicana-de-los-cabos-al-plan-estrategico\/#breadcrumb\",\"itemListElement\":[{\"@type\":\"ListItem\",\"position\":1,\"name\":\"Portada\",\"item\":\"https:\/\/almeria2030.es\/en\/\"},{\"@type\":\"ListItem\",\"position\":2,\"name\":\"VISITA DE LA DELEGACI\u00d3N MEXICANA DE LOS CABOS AL PLAN ESTRAT\u00c9GICO.\"}]},{\"@type\":\"WebSite\",\"@id\":\"https:\/\/almeria2030.es\/#website\",\"url\":\"https:\/\/almeria2030.es\/\",\"name\":\"Almer\u00eda 2030\",\"description\":\"P\u00e1gina web oficial de Almer\u00eda 2030\",\"publisher\":{\"@id\":\"https:\/\/almeria2030.es\/#organization\"},\"potentialAction\":[{\"@type\":\"SearchAction\",\"target\":{\"@type\":\"EntryPoint\",\"urlTemplate\":\"https:\/\/almeria2030.es\/?s={search_term_string}\"},\"query-input\":\"required name=search_term_string\"}],\"inLanguage\":\"en-US\"},{\"@type\":\"Organization\",\"@id\":\"https:\/\/almeria2030.es\/#organization\",\"name\":\"Almer\u00eda 2030\",\"url\":\"https:\/\/almeria2030.es\/\",\"logo\":{\"@type\":\"ImageObject\",\"inLanguage\":\"en-US\",\"@id\":\"https:\/\/almeria2030.es\/#\/schema\/logo\/image\/\",\"url\":\"https:\/\/almeria2030.es\/wp-content\/uploads\/2020\/10\/LogoHeader.png\",\"contentUrl\":\"https:\/\/almeria2030.es\/wp-content\/uploads\/2020\/10\/LogoHeader.png\",\"width\":70,\"height\":40,\"caption\":\"Almer\u00eda 2030\"},\"image\":{\"@id\":\"https:\/\/almeria2030.es\/#\/schema\/logo\/image\/\"}},{\"@type\":\"Person\",\"@id\":\"https:\/\/almeria2030.es\/#\/schema\/person\/233692ed79768b540761ceb3d4eae412\",\"name\":\"suratica\",\"url\":\"https:\/\/almeria2030.es\/en\/author\/suratica\/\"}]}<\/script>\n<!-- \/ Yoast SEO plugin. -->","yoast_head_json":{"title":"VISITA DE LA DELEGACI\u00d3N MEXICANA DE LOS CABOS AL PLAN ESTRAT\u00c9GICO. - Almer\u00eda 2030","robots":{"index":"index","follow":"follow","max-snippet":"max-snippet:-1","max-image-preview":"max-image-preview:large","max-video-preview":"max-video-preview:-1"},"canonical":"https:\/\/almeria2030.es\/en\/visita-de-la-delegacion-mexicana-de-los-cabos-al-plan-estrategico\/","og_locale":"en_US","og_type":"article","og_title":"VISITA DE LA DELEGACI\u00d3N MEXICANA DE LOS CABOS AL PLAN ESTRAT\u00c9GICO. - Almer\u00eda 2030","og_description":"Dentro de la visita que la delegaci\u00f3n de la ciudad mexicana de Los Cabos ha realizado en la capital, en el d\u00eda de ayer mantuvimos una reuni\u00f3n en la oficina donde la gerente del Plan Estrat\u00e9gico de Almer\u00eda, Mar\u00eda del Mar Plaza, les explic\u00f3 el trabajo que se viene realizando con los expertos de los [...]Read More...","og_url":"https:\/\/almeria2030.es\/en\/visita-de-la-delegacion-mexicana-de-los-cabos-al-plan-estrategico\/","og_site_name":"Almer\u00eda 2030","article_published_time":"2020-10-18T08:00:57+00:00","article_modified_time":"2020-10-19T10:38:43+00:00","og_image":[{"width":500,"height":500,"url":"https:\/\/almeria2030.es\/wp-content\/uploads\/2020\/10\/VISITA-DE-LA-DELEGACIO\u0301N-MEXICANA-DE-LOS-CABOS-AL-PLAN-ESTRATE\u0301GICO.jpg","type":"image\/jpeg"}],"author":"suratica","twitter_card":"summary_large_image","twitter_misc":{"Written by":"suratica"},"schema":{"@context":"https:\/\/schema.org","@graph":[{"@type":"Article","@id":"https:\/\/almeria2030.es\/en\/visita-de-la-delegacion-mexicana-de-los-cabos-al-plan-estrategico\/#article","isPartOf":{"@id":"https:\/\/almeria2030.es\/en\/visita-de-la-delegacion-mexicana-de-los-cabos-al-plan-estrategico\/"},"author":{"name":"suratica","@id":"https:\/\/almeria2030.es\/#\/schema\/person\/233692ed79768b540761ceb3d4eae412"},"headline":"VISITA DE LA DELEGACI\u00d3N MEXICANA DE LOS CABOS AL PLAN ESTRAT\u00c9GICO.","datePublished":"2020-10-18T08:00:57+00:00","dateModified":"2020-10-19T10:38:43+00:00","mainEntityOfPage":{"@id":"https:\/\/almeria2030.es\/en\/visita-de-la-delegacion-mexicana-de-los-cabos-al-plan-estrategico\/"},"wordCount":93,"commentCount":0,"publisher":{"@id":"https:\/\/almeria2030.es\/#organization"},"inLanguage":"en-US","potentialAction":[{"@type":"CommentAction","name":"Comment","target":["https:\/\/almeria2030.es\/en\/visita-de-la-delegacion-mexicana-de-los-cabos-al-plan-estrategico\/#respond"]}]},{"@type":"WebPage","@id":"https:\/\/almeria2030.es\/en\/visita-de-la-delegacion-mexicana-de-los-cabos-al-plan-estrategico\/","url":"https:\/\/almeria2030.es\/en\/visita-de-la-delegacion-mexicana-de-los-cabos-al-plan-estrategico\/","name":"VISITA DE LA DELEGACI\u00d3N MEXICANA DE LOS CABOS AL PLAN ESTRAT\u00c9GICO. - Almer\u00eda 2030","isPartOf":{"@id":"https:\/\/almeria2030.es\/#website"},"datePublished":"2020-10-18T08:00:57+00:00","dateModified":"2020-10-19T10:38:43+00:00","breadcrumb":{"@id":"https:\/\/almeria2030.es\/en\/visita-de-la-delegacion-mexicana-de-los-cabos-al-plan-estrategico\/#breadcrumb"},"inLanguage":"en-US","potentialAction":[{"@type":"ReadAction","target":["https:\/\/almeria2030.es\/en\/visita-de-la-delegacion-mexicana-de-los-cabos-al-plan-estrategico\/"]}]},{"@type":"BreadcrumbList","@id":"https:\/\/almeria2030.es\/en\/visita-de-la-delegacion-mexicana-de-los-cabos-al-plan-estrategico\/#breadcrumb","itemListElement":[{"@type":"ListItem","position":1,"name":"Portada","item":"https:\/\/almeria2030.es\/en\/"},{"@type":"ListItem","position":2,"name":"VISITA DE LA DELEGACI\u00d3N MEXICANA DE LOS CABOS AL PLAN ESTRAT\u00c9GICO."}]},{"@type":"WebSite","@id":"https:\/\/almeria2030.es\/#website","url":"https:\/\/almeria2030.es\/","name":"Almer\u00eda 2030","description":"P\u00e1gina web oficial de Almer\u00eda 2030","publisher":{"@id":"https:\/\/almeria2030.es\/#organization"},"potentialAction":[{"@type":"SearchAction","target":{"@type":"EntryPoint","urlTemplate":"https:\/\/almeria2030.es\/?s={search_term_string}"},"query-input":"required name=search_term_string"}],"inLanguage":"en-US"},{"@type":"Organization","@id":"https:\/\/almeria2030.es\/#organization","name":"Almer\u00eda 2030","url":"https:\/\/almeria2030.es\/","logo":{"@type":"ImageObject","inLanguage":"en-US","@id":"https:\/\/almeria2030.es\/#\/schema\/logo\/image\/","url":"https:\/\/almeria2030.es\/wp-content\/uploads\/2020\/10\/LogoHeader.png","contentUrl":"https:\/\/almeria2030.es\/wp-content\/uploads\/2020\/10\/LogoHeader.png","width":70,"height":40,"caption":"Almer\u00eda 2030"},"image":{"@id":"https:\/\/almeria2030.es\/#\/schema\/logo\/image\/"}},{"@type":"Person","@id":"https:\/\/almeria2030.es\/#\/schema\/person\/233692ed79768b540761ceb3d4eae412","name":"suratica","url":"https:\/\/almeria2030.es\/en\/author\/suratica\/"}]}},"_links":{"self":[{"href":"https:\/\/almeria2030.es\/en\/wp-json\/wp\/v2\/posts\/1362"}],"collection":[{"href":"https:\/\/almeria2030.es\/en\/wp-json\/wp\/v2\/posts"}],"about":[{"href":"https:\/\/almeria2030.es\/en\/wp-json\/wp\/v2\/types\/post"}],"author":[{"embeddable":true,"href":"https:\/\/almeria2030.es\/en\/wp-json\/wp\/v2\/users\/1"}],"replies":[{"embeddable":true,"href":"https:\/\/almeria2030.es\/en\/wp-json\/wp\/v2\/comments?post=1362"}],"version-history":[{"count":1,"href":"https:\/\/almeria2030.es\/en\/wp-json\/wp\/v2\/posts\/1362\/revisions"}],"predecessor-version":[{"id":1363,"href":"https:\/\/almeria2030.es\/en\/wp-json\/wp\/v2\/posts\/1362\/revisions\/1363"}],"wp:featuredmedia":[{"embeddable":true,"href":"https:\/\/almeria2030.es\/en\/wp-json\/wp\/v2\/media\/1356"}],"wp:attachment":[{"href":"https:\/\/almeria2030.es\/en\/wp-json\/wp\/v2\/media?parent=1362"}],"wp:term":[{"taxonomy":"category","embeddable":true,"href":"https:\/\/almeria2030.es\/en\/wp-json\/wp\/v2\/categories?post=1362"},{"taxonomy":"post_tag","embeddable":true,"href":"https:\/\/almeria2030.es\/en\/wp-json\/wp\/v2\/tags?post=1362"}],"curies":[{"name":"wp","href":"https:\/\/api.w.org\/{rel}","templated":true}]}}